{"id":6261,"date":"2023-04-28T12:33:12","date_gmt":"2023-04-28T12:33:12","guid":{"rendered":"https:\/\/charta-nekretnine.hr\/?p=6261"},"modified":"2026-04-15T09:12:40","modified_gmt":"2026-04-15T09:12:40","slug":"pausal-za-mobilne-kucice-u-kampu","status":"publish","type":"post","link":"https:\/\/charta-nekretnine.hr\/en\/2023\/04\/28\/pausal-za-mobilne-kucice-u-kampu\/","title":{"rendered":"Za\u0161to se pla\u0107a pau\u0161al za mobilne ku\u0107ice u kampovima?"},"content":{"rendered":"<div class=\"wp-block-group\"><div class=\"wp-block-group__inner-container is-layout-flow wp-block-group-is-layout-flow\">\n<p>U zadnjih nekoliko godina raste popularnost postavljanja mobilnih ku\u0107ica u kampovima. Vi\u0161e privatnosti, smje\u0161taj u mirnijim dijelovima kampa, okru\u017eenost prirodom i pogledom na more \u010dine mobilne ku\u0107ice alternativom tradicionalnim hotelskim sobama i apartmanima za odmor.<\/p>\n\n\n\n<p>Ako razmi\u0161ljate o kupnji mobilne ku\u0107ice i dr\u017eanju u kampu, va\u017ean \u010dimbenik koji treba uzeti u obzir je naknada za parcelu, odnosno <strong>pau\u0161al<\/strong>. U ovom \u0107emo \u010dlanku razjasniti nedoumice uz pau\u0161al, kako se izra\u010dunava i koji \u010dimbenici mogu utjecati na iznos koji pla\u0107ate.<\/p>\n\n\n\n<p><strong><a class=\"rank-math-link\" href=\"#pausal\">\u0160to je pau\u0161al <strong>za mobilne ku\u0107ice<\/strong> i za\u0161to se pla\u0107a<\/a><\/strong><\/p>\n\n\n\n<p><strong><a class=\"rank-math-link\" href=\"#zakup-parcele\">Kako se odre\u0111uje <strong>godi\u0161nji pau\u0161al za mobilne ku\u0107ice<\/strong><\/a><\/strong><\/p>\n\n\n\n<p><strong><a href=\"#pausal-kamp-kucice\" class=\"rank-math-link\">Usporedba sa pau\u0161alom za kamp ku\u0107ice<\/a><\/strong><\/p>\n\n\n\n<p><strong><a class=\"rank-math-link\" href=\"#godisnji-pausal\">Kada se pla\u0107a <strong>godi\u0161nji pau\u0161al<\/strong> za mobilne ku\u0107ice<\/a><\/strong><\/p>\n\n\n\n<p><a class=\"rank-math-link\" href=\"#promjena-pausala\"><strong>Mo\u017ee li se pau\u0161al za mobilne ku\u0107ice promijeniti tijekom ugovornog razdoblja<\/strong><\/a><\/p>\n\n\n\n<p><strong><a href=\"#isplativost\" class=\"rank-math-link\">Isplati li se investirati u mobilne ku\u0107ice<\/a><\/strong><\/p>\n\n\n\n<p>Pred vama je podu\u017ei \u010dlanak sa zanimljivim osvrtom na va\u017ena pitanja vezana uz pau\u0161al. Odabirom navedenih podnaslova skoknite do vama bitnog dijela \u010dlanka.<\/p>\n\n\n\n<div style=\"height:40px\" aria-hidden=\"true\" id=\"pausal\" class=\"wp-block-spacer\"><\/div>\n\n\n\n<p><\/p>\n\n\n\n<h2 class=\"wp-block-heading\"><strong>\u0160to je pau\u0161al za mobilne ku\u0107ice i za\u0161to se pla\u0107a<\/strong><\/h2>\n\n\n\n<p>Pau\u0161al za mobilne ku\u0107ice je naknada koja se vlasniku kampa pla\u0107a za <strong>zakup parcele<\/strong>.<\/p>\n\n\n\n<p>Kupnjom mobilne ku\u0107ice njezin ste vlasnik i pred vama je izbor gdje \u0107ete istu postaviti, na vlastito zemlji\u0161te ili u neki od kampova. O postavljanju mobilnih ku\u0107ica na privatno zemlji\u0161te i specifi\u010dnim uvjetima \u0107emo pisati u jednom od narednih \u010dlanaka.<\/p>\n\n\n\n<p>Kampovi i resorti nude unaprijed odre\u0111ene lokacije, odnosno parcele na koje dolaze ku\u0107ice. Obi\u010dno su te parcele podijeljene u sektore ovisno o blizini pla\u017ee, pogledu koji se pru\u017ea na more, veli\u010dini samih parcela te dodatnim pogodnostima koje pojedini sektori pru\u017eaju.<\/p>\n\n\n\n<p>Prema tome, ali i drugim dodatnim kriterijima, vlasnik kampa odre\u0111uje iznos pau\u0161ala za zakup parcele.<\/p>\n\n\n<div class=\"wp-block-image is-style-default\">\n<figure class=\"aligncenter size-large\"><img fetchpriority=\"high\" decoding=\"async\" width=\"1024\" height=\"576\" src=\"https:\/\/charta-nekretnine.hr\/wp-content\/uploads\/2023\/04\/grafiti-pausal-1-1024x576.jpg\" alt=\"Pau\u0161al za mobilne ku\u0107ice u kampovima\" class=\"wp-image-6266\" srcset=\"https:\/\/charta-nekretnine.hr\/wp-content\/uploads\/2023\/04\/grafiti-pausal-1-1024x576.jpg 1024w, https:\/\/charta-nekretnine.hr\/wp-content\/uploads\/2023\/04\/grafiti-pausal-1-1000x563.jpg 1000w, https:\/\/charta-nekretnine.hr\/wp-content\/uploads\/2023\/04\/grafiti-pausal-1-768x432.jpg 768w, https:\/\/charta-nekretnine.hr\/wp-content\/uploads\/2023\/04\/grafiti-pausal-1-1536x864.jpg 1536w, https:\/\/charta-nekretnine.hr\/wp-content\/uploads\/2023\/04\/grafiti-pausal-1-600x338.jpg 600w, https:\/\/charta-nekretnine.hr\/wp-content\/uploads\/2023\/04\/grafiti-pausal-1.jpg 1920w\" sizes=\"(max-width: 1024px) 100vw, 1024px\" \/><\/figure><\/div>\n\n\n<p><\/p>\n\n\n\n<p>Postavljanjem va\u0161e ku\u0107ice na parcelu ne postajete istovremeno i vlasnik zemlji\u0161ta na kojoj se nalazi. Upravo je kori\u0161tenje pojedina\u010dne parcele osnova za zara\u010dunavanje naknade za zakup parcele.<\/p>\n\n\n\n<p>Kako ve\u0107inu mobilnih ku\u0107ica kupuju investitori radi daljnjeg iznajmljivanja, ugovori o zakupu parcele sklapaju se na du\u017ei period. Naj\u010de\u0161\u0107e na 10 godina. <strong>Dugoro\u010dni ugovor<\/strong> omogu\u0107uje kupcima povrat investicije i ostvarenje dobiti povrh te po\u010detnog uloga.<\/p>\n\n\n\n<p>Potrebno je istaknuti da pau\u0161al za mobilne ku\u0107ice predstavlja <strong>isklju\u010divo naknadu za kori\u0161tenje parcele<\/strong>. Tro\u0161kovi komunalija poput vode, struje i kanalizacije se zara\u010dunavaju posebno. Prema istra\u017eivanju koje smo proveli sa na\u0161im klijentima iznos komunalija se kretao od 800 do 1000\u20ac godi\u0161nje.<\/p>\n\n\n\n<div style=\"height:40px\" aria-hidden=\"true\" id=\"zakup-parcele\" class=\"wp-block-spacer\"><\/div>\n\n\n\n<p><\/p>\n\n\n\n<h2 class=\"wp-block-heading\"><strong>Kako se odre\u0111uje godi\u0161nji pau\u0161al za mobilne ku\u0107ice<\/strong><\/h2>\n\n\n\n<p>Svjedoci smo rasta cijena svega i sva\u010dega pa tako i nekretnina u Hrvatskoj, bilo u kontinentalnom dijelu ili na obali. Ovaj je trend utjecao i na iznose pau\u0161ala u kampovima.<\/p>\n\n\n\n<p><\/p>\n\n\n<div class=\"wp-block-image\">\n<figure class=\"aligncenter size-large\"><img decoding=\"async\" width=\"1024\" height=\"461\" src=\"https:\/\/charta-nekretnine.hr\/wp-content\/uploads\/2023\/04\/pogled-1-1024x461.jpg\" alt=\"Pogled na more sa terase iz mobilne ku\u0107ice u Dragama, na hrvatskoj obali\" class=\"wp-image-6269\" srcset=\"https:\/\/charta-nekretnine.hr\/wp-content\/uploads\/2023\/04\/pogled-1-1024x461.jpg 1024w, https:\/\/charta-nekretnine.hr\/wp-content\/uploads\/2023\/04\/pogled-1-1000x450.jpg 1000w, https:\/\/charta-nekretnine.hr\/wp-content\/uploads\/2023\/04\/pogled-1-768x346.jpg 768w, https:\/\/charta-nekretnine.hr\/wp-content\/uploads\/2023\/04\/pogled-1-1536x691.jpg 1536w, https:\/\/charta-nekretnine.hr\/wp-content\/uploads\/2023\/04\/pogled-1-600x270.jpg 600w, https:\/\/charta-nekretnine.hr\/wp-content\/uploads\/2023\/04\/pogled-1.jpg 1920w\" sizes=\"(max-width: 1024px) 100vw, 1024px\" \/><\/figure><\/div>\n\n\n<p>Tr\u017ei\u0161te nekretnina najzna\u010dajniji je faktor koji utje\u010de na cijene pau\u0161ala. Nezapam\u0107eno zanimanje kupaca iz inozemstva te prelazak sa kune na euro doveli su do pove\u0107ane potra\u017enje za nekretninama.<\/p>\n\n\n\n<p>Interes nije zaobi\u0161ao niti sektor mobilnih ku\u0107ica. Dok strani klijenti tra\u017ee svoje mjesto pod suncem uz obalu i zadovoljavaju se dugotrajnim boravkom u ku\u0107icama, doma\u0107i kupci vi\u0161e naginju mogu\u0107nosti investiranja i dodatne zarade od iznajmljivanja.<\/p>\n\n\n\n<p>Imaju\u0107i na umu tr\u017ei\u0161na kretanja, pau\u0161al za mobilne ku\u0107ice u kampovima porastao je u odnosu na 2021. godinu.<\/p>\n\n\n\n<p>Specifi\u010dnost je pri odre\u0111ivanju godi\u0161njeg iznosa pau\u0161ala to \u0161to vlasnici kampova moraju prona\u0107i balans izme\u0111u vlastitih o\u010dekivanja i stvarne mogu\u0107nosti kupaca mobilnih ku\u0107ica. U obzir se treba uzeti isplativost investicije i povrat kroz iznajmljivanje.<\/p>\n\n\n\n<p>Obje strane nastoje na\u0107i zajedni\u010dki interes kako bi se osigurala dugoro\u010dna i profitabilna suradnja.<\/p>\n\n\n\n<p>Vlasnici kampova vode se razli\u010ditim kriterijima kada odre\u0111uju pau\u0161al za mobilne ku\u0107ice, od kojih su neki:<\/p>\n\n\n\n<ul class=\"wp-block-list\">\n<li>Lokacija kampa;<\/li>\n\n\n\n<li>Udaljenost od mora;<\/li>\n\n\n\n<li>Veli\u010dina pojedine parcele;<\/li>\n\n\n\n<li>Period rada kampa<\/li>\n\n\n\n<li>Iznos investicije u ure\u0111enje zemlji\u0161ta prikladnog za otvaranje kampa;<\/li>\n\n\n\n<li>Dodatne pogodnosti koje kamp nudi;<\/li>\n\n\n\n<li>Dodatne pogodnosti na pojedinoj parceli (bazen, igrali\u0161te za djecu, dodatan parking).<\/li>\n<\/ul>\n\n\n\n<p>Naravno da postoje i dodatni kriteriji pri odre\u0111ivanju pau\u0161alnog iznosa. Za vi\u0161e informacija uvijek se mo\u017eete obratiti na\u0161em timu specijaliziranom za kampove, resorte i mobilne ku\u0107ice.<\/p>\n\n\n\n<div style=\"height:40px\" aria-hidden=\"true\" id=\"pausal-kamp-kucice\" class=\"wp-block-spacer\"><\/div>\n\n\n\n<p><\/p>\n\n\n\n<h2 class=\"wp-block-heading\"><strong>Usporedba sa pau\u0161alom za kamp ku\u0107ice<\/strong><\/h2>\n\n\n\n<p>Pau\u0161al za mobilne ku\u0107ice u kampovima diljem Dalmacije i Istre kre\u0107e se od 4.000 do 10.000\u20ac godi\u0161nje, ovisno o lokaciji i prethodno navedenim kriterijima.<\/p>\n\n\n\n<p>Za svakoga tko ulazi u svijet investicija taj jednokratni iznos se na prvu \u010dini visok. No iza toga stoji izra\u010dun isplativosti i usporedba sa drugim lokacijama sli\u010dnog sadr\u017eaja.<\/p>\n\n\n\n<p>Pregledom kampova koji imaju <a href=\"https:\/\/www.camping.hr\/hr\/hrvatski-kampovi\/zadar\" target=\"_blank\" aria-label=\"mjesta predvi\u0111ena za kamp ku\u0107ice (opens in a new tab)\" rel=\"noreferrer noopener\" class=\"rank-math-link\">mjesta predvi\u0111ena za kamp ku\u0107ice<\/a> i sami mo\u017eete vidjeti kolike su naknade za dnevni boravak. Napravili smo usporedbu u kampovima u okolici Zadra, a kao parametre smo uzeli boravak posjetitelja koji bi odgovarao uobi\u010dajenim gostima mobilnih ku\u0107ica.<\/p>\n\n\n\n<p>Za primjer smo uzeli 4-\u010dlanu obitelj sa dvoje djece, 4 i 7 godina koja se na odmor sa 6 no\u0107enja odlu\u010dila tijekom vrhunca sezone u srpnju. Tako\u0111er smo za lokaciju u kampu sa minimalno 3 zvjezdice odabrali srednju opciju \u2013 niti prvi red do mora, niti najudaljeniji red.<\/p>\n\n\n\n<p>Cijena parcela za kampere, odnosno kamp ku\u0107ice u promatranom periodu kre\u0107u se od 70 do 120 \u20ac po danu. Dodatne opcije poput dolaska sa ljubimcem, dodatnih \u0161atora, naknade za kasniji dolazak ili raniji odlazak nisu uzete u razmatranje.<\/p>\n\n\n\n<p>Vrhunac sezone sa najvi\u0161im cijenama u pojedinim kampovima odre\u0111uje se razli\u010dito, tako da smo za izra\u010dun uzeli period izme\u0111u 10. srpnja i 20. kolovoza (41 dan).<\/p>\n<\/div><\/div>\n\n\n<div class=\"wp-block-image\">\n<figure class=\"aligncenter size-large\"><img decoding=\"async\" width=\"1024\" height=\"576\" src=\"https:\/\/charta-nekretnine.hr\/wp-content\/uploads\/2023\/04\/Camper-parcele-1-1024x576.jpg\" alt=\"\" class=\"wp-image-6271\" srcset=\"https:\/\/charta-nekretnine.hr\/wp-content\/uploads\/2023\/04\/Camper-parcele-1-1024x576.jpg 1024w, https:\/\/charta-nekretnine.hr\/wp-content\/uploads\/2023\/04\/Camper-parcele-1-1000x563.jpg 1000w, https:\/\/charta-nekretnine.hr\/wp-content\/uploads\/2023\/04\/Camper-parcele-1-768x432.jpg 768w, https:\/\/charta-nekretnine.hr\/wp-content\/uploads\/2023\/04\/Camper-parcele-1-1536x864.jpg 1536w, https:\/\/charta-nekretnine.hr\/wp-content\/uploads\/2023\/04\/Camper-parcele-1-600x338.jpg 600w, https:\/\/charta-nekretnine.hr\/wp-content\/uploads\/2023\/04\/Camper-parcele-1.jpg 1920w\" sizes=\"(max-width: 1024px) 100vw, 1024px\" \/><\/figure><\/div>\n\n\n<p>Uzev\u0161i u obzir prosjek dnevne naknade za mjesto od 90\u20ac (7 promatranih kampova), dolazimo do iznosa od 3.690\u20ac pla\u0107enih naknada za boravak kampera tijekom vrhunca sezone, bez dodatnih opcija.<\/p>\n\n\n\n<p>S druge strane, odmor u mobilnim ku\u0107icama u ve\u0107ini kampova mogu\u0107 je tijekom cijele godine. Kao smje\u0161tajne jedinice, samostalnije su od drugih oblika boravka i pru\u017eaju ve\u0107u fleksibilnost pri iznajmljivanju.<\/p>\n\n\n\n<p>Njihova opremljenost i toplinska izolacija pridonose du\u017eem periodu iskoristivosti, a razmje\u0161taj u kampu ide u prilog posjete ve\u0107im grupama.<\/p>\n\n\n\n<p>Predla\u017eemo da se javite <a href=\"https:\/\/charta-nekretnine.hr\/en\/kontakt\/\" target=\"_blank\" aria-label=\"na\u0161em iskusnom timu (opens in a new tab)\" rel=\"noreferrer noopener\" class=\"rank-math-link\">na\u0161em iskusnom timu<\/a> sa vi\u0161egodi\u0161njim iskustvom kako bismo vam pru\u017eili dodatne podatke o mobilnim ku\u0107icama i njihovom potencijalu za investiranje.<\/p>\n\n\n\n<div style=\"height:40px\" aria-hidden=\"true\" id=\"godisnji-pausal\" class=\"wp-block-spacer\"><\/div>\n\n\n\n<p><\/p>\n\n\n\n<h2 class=\"wp-block-heading\"><strong>Kada se pla\u0107a godi\u0161nji pau\u0161al<\/strong> za mobilne ku\u0107ice<\/h2>\n\n\n\n<p>Trenutak odabira parcele i kampa u kojemu \u0107ete postaviti svoju ku\u0107icu bitan je iz nekoliko razloga. Kad ste se odlu\u010dili na ovu investiciju, bitno vam je da na lokaciji mo\u017eete u\u017eivati ve\u0107 u teku\u0107oj godini.<\/p>\n\n\n\n<p>Pau\u0161al se u pravilu pla\u0107a prije po\u010detka sezone, no mogu\u0107e je da se ku\u0107ice naru\u010duju i nakon sezone. Prema prija\u0161njem iskustvu, interes za kupnjom raste upravo kad sunce zove na more \u2013 tijekom sezone.<\/p>\n\n\n\n<p>Potrebno je ra\u010dunati na vrijeme izrade ku\u0107ice, isporuku i postavljanje. Kampovi su organizirani na na\u010din da ne \u017eele ometati svoje goste u odmoru te ih izlagati postavljanju ku\u0107ica tijekom njihova boravka u kampu.<\/p>\n\n\n\n<p>Ni vi ne bi htjeli takvu vrstu ometanja, sigurni smo.<\/p>\n\n\n\n<p>U ponudi tako\u0111er postoje kampovi u nastanku i u njih se ku\u0107ice postavljaju za narednu sezonu. U takvim se kampovima pau\u0161al za prvu godinu (godinu u kojoj zapo\u010dinjete sa boravkom \/ iznajmljivanjem) pla\u0107a prilikom sklapanja ugovora o zakupu.<\/p>\n\n\n\n<div style=\"height:40px\" aria-hidden=\"true\" id=\"promjena-pausala\" class=\"wp-block-spacer\"><\/div>\n\n\n\n<p><\/p>\n\n\n\n<h2 class=\"wp-block-heading\"><strong>Mo\u017ee li se pau\u0161al za mobilne ku\u0107ice promijeniti tijekom ugovornog razdoblja<\/strong><\/h2>\n\n\n\n<p>Prilikom sklapanja ugovora o zakupu parcela potrebno je voditi ra\u010duna o izvanrednim okolnostima. Zbog toga je po\u017eeljno predvidjeti situacije u kojima bi jednu ili drugu stranu takve okolnosti mogle dovesti u nepovoljan polo\u017eaj.<\/p>\n\n\n<div class=\"wp-block-image\">\n<figure class=\"aligncenter size-large\"><img loading=\"lazy\" decoding=\"async\" width=\"1024\" height=\"288\" src=\"https:\/\/charta-nekretnine.hr\/wp-content\/uploads\/2023\/04\/izvanredne-okolnosti-1-1024x288.png\" alt=\"Savjet pri odre\u0111ivanju ugovornih obveza u slu\u010daju izvanrednih okolnosti\" class=\"wp-image-6273\" srcset=\"https:\/\/charta-nekretnine.hr\/wp-content\/uploads\/2023\/04\/izvanredne-okolnosti-1-1024x288.png 1024w, https:\/\/charta-nekretnine.hr\/wp-content\/uploads\/2023\/04\/izvanredne-okolnosti-1-1000x281.png 1000w, https:\/\/charta-nekretnine.hr\/wp-content\/uploads\/2023\/04\/izvanredne-okolnosti-1-768x216.png 768w, https:\/\/charta-nekretnine.hr\/wp-content\/uploads\/2023\/04\/izvanredne-okolnosti-1-1536x432.png 1536w, https:\/\/charta-nekretnine.hr\/wp-content\/uploads\/2023\/04\/izvanredne-okolnosti-1-600x169.png 600w, https:\/\/charta-nekretnine.hr\/wp-content\/uploads\/2023\/04\/izvanredne-okolnosti-1.png 1920w\" sizes=\"(max-width: 1024px) 100vw, 1024px\" \/><\/figure><\/div>\n\n\n<p>Globalno progla\u0161enje zabrane okupljanja tijekom 2020. godine uslijed Covid zavrzlame jedna je od takvih situacija. Zanimljivo je to da je iznajmljivanje mobilnih ku\u0107ica u kampovima bilje\u017eilo porast tijekom pandemije, nude\u0107i vi\u0161e privatnosti i slobode gostima i turistima.<\/p>\n\n\n\n<p>Iako je turizam izuzetno bitan kao grana privre\u0111ivanja u Hrvatskoj, Vlada RH ili lokalne jedinice samouprave mogu uvesti promjene u poreznom optere\u0107enju svih smje\u0161tajnih jedinica. Ovakve se promjene ne o\u010dekuju budu\u0107i da bi njima bio zahva\u0107en znatan udio stanovni\u0161tva, no uvijek postoji mogu\u0107nost.<\/p>\n\n\n\n<p>Visoka stopa inflacije tako\u0111er mo\u017ee imati utjecaj na financijski odnos vlasnika kampa i vlasnika ku\u0107ica.<\/p>\n\n\n\n<p>Sve su to razlozi na koje treba ra\u010dunati prilikom sklapanja ugovora o zakupu.<\/p>\n\n\n\n<p>Kupci su ugovorom za\u0161ti\u0107eni od povi\u0161enja pau\u0161ala koji bi ih doveo u nepovoljan polo\u017eaj.<\/p>\n\n\n\n<p>Stalno oslu\u0161kujemo \u017eelje i potrebe obje strane. Interes je svih uklju\u010denih prona\u0107i zajedni\u010dki jezik. Zbog toga u konzultacijama sa vlasnicima kampova i investitorima u mobilne ku\u0107ice pronalazimo rje\u0161enje na obostrano zadovoljstvo.<\/p>\n\n\n\n<div style=\"height:40px\" aria-hidden=\"true\" id=\"isplativost\" class=\"wp-block-spacer\"><\/div>\n\n\n\n<p><\/p>\n\n\n\n<h2 class=\"wp-block-heading\"><strong>Isplati li se investirati u mobilne ku\u0107ice<\/strong><\/h2>\n\n\n\n<p>Odluka o isplativosti investiranja je isklju\u010divo na vama i va\u0161im ambicijama. Ako ste pro\u010ditali \u010dlanak u potpunosti, dobili ste jasniju sliku o ulozi pau\u0161ala pri dono\u0161enju odluke o kupnji mobilne ku\u0107ice.<\/p>\n\n\n\n<p>Charta je ovdje da vam pru\u017ei <a href=\"https:\/\/charta-nekretnine.hr\/en\/prodaja-mobilne-kucice\/\" class=\"rank-math-link\">informacije o pojedinom kampu<\/a>, kretanju cijena pau\u0161ala, mogu\u0107nostima investicije te uvjetima na tr\u017ei\u0161tu mobilnih ku\u0107ica. Vodimo vas kroz postupak odabira ku\u0107ica, njihove opremljenosti, procjene isplativosti i vremena povrata investicije.<\/p>\n\n\n\n<p>Obavljamo sve potrebne aktivnosti da bi vas do\u010dekala ku\u0107ica spremna za kori\u0161tenje. U pripremi je i usluga koordinacije iznajmljivanja kako bismo u potpunosti ispratili va\u0161 put od ideje do realizacije.<\/p>\n\n\n\n<p>Savjetujemo vas sukladno vi\u0161egodi\u0161njem iskustvu da nam se javite telefonski ili emailom (kontakt informacije potra\u017eite pri dnu stranice) da vidimo kako vam najbolje mo\u017eemo pomo\u0107i.<\/p>\n\n\n\n<p>Va\u0161 Charta tim<\/p>","protected":false},"excerpt":{"rendered":"<p>U zadnjih nekoliko godina raste popularnost postavljanja mobilnih ku\u0107ica u kampovima. Vi\u0161e privatnosti, smje\u0161taj u mirnijim dijelovima kampa, okru\u017eenost prirodom i pogledom na more \u010dine mobilne ku\u0107ice alternativom tradicionalnim hotelskim sobama i apartmanima za odmor. Ako razmi\u0161ljate o kupnji mobilne ku\u0107ice i dr\u017eanju u kampu, va\u017ean \u010dimbenik koji treba uzeti u obzir je naknada za [&hellip;]<\/p>","protected":false},"author":6,"featured_media":6275,"comment_status":"open","ping_status":"open","sticky":false,"template":"","format":"standard","meta":{"_acf_changed":false,"ocean_post_layout":"","ocean_both_sidebars_style":"","ocean_both_sidebars_content_width":0,"ocean_both_sidebars_sidebars_width":0,"ocean_sidebar":"0","ocean_second_sidebar":"0","ocean_disable_margins":"enable","ocean_add_body_class":"","ocean_shortcode_before_top_bar":"","ocean_shortcode_after_top_bar":"","ocean_shortcode_before_header":"","ocean_shortcode_after_header":"","ocean_has_shortcode":"","ocean_shortcode_after_title":"","ocean_shortcode_before_footer_widgets":"","ocean_shortcode_after_footer_widgets":"","ocean_shortcode_before_footer_bottom":"","ocean_shortcode_after_footer_bottom":"","ocean_display_top_bar":"default","ocean_display_header":"default","ocean_header_style":"","ocean_center_header_left_menu":"0","ocean_custom_header_template":"0","ocean_custom_logo":0,"ocean_custom_retina_logo":0,"ocean_custom_logo_max_width":0,"ocean_custom_logo_tablet_max_width":0,"ocean_custom_logo_mobile_max_width":0,"ocean_custom_logo_max_height":0,"ocean_custom_logo_tablet_max_height":0,"ocean_custom_logo_mobile_max_height":0,"ocean_header_custom_menu":"0","ocean_menu_typo_font_family":"0","ocean_menu_typo_font_subset":"","ocean_menu_typo_font_size":0,"ocean_menu_typo_font_size_tablet":0,"ocean_menu_typo_font_size_mobile":0,"ocean_menu_typo_font_size_unit":"px","ocean_menu_typo_font_weight":"","ocean_menu_typo_font_weight_tablet":"","ocean_menu_typo_font_weight_mobile":"","ocean_menu_typo_transform":"","ocean_menu_typo_transform_tablet":"","ocean_menu_typo_transform_mobile":"","ocean_menu_typo_line_height":0,"ocean_menu_typo_line_height_tablet":0,"ocean_menu_typo_line_height_mobile":0,"ocean_menu_typo_line_height_unit":"","ocean_menu_typo_spacing":0,"ocean_menu_typo_spacing_tablet":0,"ocean_menu_typo_spacing_mobile":0,"ocean_menu_typo_spacing_unit":"","ocean_menu_link_color":"","ocean_menu_link_color_hover":"","ocean_menu_link_color_active":"","ocean_menu_link_background":"","ocean_menu_link_hover_background":"","ocean_menu_link_active_background":"","ocean_menu_social_links_bg":"","ocean_menu_social_hover_links_bg":"","ocean_menu_social_links_color":"","ocean_menu_social_hover_links_color":"","ocean_disable_title":"default","ocean_disable_heading":"default","ocean_post_title":"","ocean_post_subheading":"","ocean_post_title_style":"","ocean_post_title_background_color":"","ocean_post_title_background":0,"ocean_post_title_bg_image_position":"","ocean_post_title_bg_image_attachment":"","ocean_post_title_bg_image_repeat":"","ocean_post_title_bg_image_size":"","ocean_post_title_height":0,"ocean_post_title_bg_overlay":0.5,"ocean_post_title_bg_overlay_color":"","ocean_disable_breadcrumbs":"default","ocean_breadcrumbs_color":"","ocean_breadcrumbs_separator_color":"","ocean_breadcrumbs_links_color":"","ocean_breadcrumbs_links_hover_color":"","ocean_display_footer_widgets":"default","ocean_display_footer_bottom":"default","ocean_custom_footer_template":"0","_jetpack_memberships_contains_paid_content":false,"ocean_post_oembed":"","ocean_post_self_hosted_media":"","ocean_post_video_embed":"","ocean_link_format":"","ocean_link_format_target":"self","ocean_quote_format":"","ocean_quote_format_link":"post","ocean_gallery_link_images":"off","ocean_gallery_id":[],"footnotes":""},"categories":[289],"tags":[],"class_list":["post-6261","post","type-post","status-publish","format-standard","has-post-thumbnail","hentry","category-kampovi-i-mobilne-kucice","entry","has-media","owp-thumbs-layout-horizontal","owp-btn-normal","owp-tabs-layout-horizontal","has-no-thumbnails","has-product-nav"],"acf":[],"jetpack_featured_media_url":"https:\/\/charta-nekretnine.hr\/wp-content\/uploads\/2023\/04\/naslovna-1.jpg","jetpack_sharing_enabled":true,"_links":{"self":[{"href":"https:\/\/charta-nekretnine.hr\/en\/wp-json\/wp\/v2\/posts\/6261","targetHints":{"allow":["GET"]}}],"collection":[{"href":"https:\/\/charta-nekretnine.hr\/en\/wp-json\/wp\/v2\/posts"}],"about":[{"href":"https:\/\/charta-nekretnine.hr\/en\/wp-json\/wp\/v2\/types\/post"}],"author":[{"embeddable":true,"href":"https:\/\/charta-nekretnine.hr\/en\/wp-json\/wp\/v2\/users\/6"}],"replies":[{"embeddable":true,"href":"https:\/\/charta-nekretnine.hr\/en\/wp-json\/wp\/v2\/comments?post=6261"}],"version-history":[{"count":0,"href":"https:\/\/charta-nekretnine.hr\/en\/wp-json\/wp\/v2\/posts\/6261\/revisions"}],"wp:featuredmedia":[{"embeddable":true,"href":"https:\/\/charta-nekretnine.hr\/en\/wp-json\/wp\/v2\/media\/6275"}],"wp:attachment":[{"href":"https:\/\/charta-nekretnine.hr\/en\/wp-json\/wp\/v2\/media?parent=6261"}],"wp:term":[{"taxonomy":"category","embeddable":true,"href":"https:\/\/charta-nekretnine.hr\/en\/wp-json\/wp\/v2\/categories?post=6261"},{"taxonomy":"post_tag","embeddable":true,"href":"https:\/\/charta-nekretnine.hr\/en\/wp-json\/wp\/v2\/tags?post=6261"}],"curies":[{"name":"wp","href":"https:\/\/api.w.org\/{rel}","templated":true}]}}