{"id":9270,"date":"2025-10-23T22:26:17","date_gmt":"2025-10-23T22:26:17","guid":{"rendered":"https:\/\/charta-nekretnine.hr\/?p=9270"},"modified":"2025-10-24T10:37:26","modified_gmt":"2025-10-24T10:37:26","slug":"cijena-mobilne-kucice-u-kampu","status":"publish","type":"post","link":"https:\/\/charta-nekretnine.hr\/en\/2025\/10\/23\/cijena-mobilne-kucice-u-kampu\/","title":{"rendered":"Cijena mobilne ku\u0107ice u kampu: \u0161to zapravo pla\u0107ate?"},"content":{"rendered":"<p>U cijenu mobilne ku\u0107ice u kampu ulazi sama mobilna ku\u0107ica sa opremom i namje\u0161tajem, odabranim ure\u0111ajima i bijelom tehnikom, prijevoz mobilne ku\u0107ice te postavljanje na parcelu, spajanje na infrastrukturu, dostava i monta\u017ea natkrivene terase.&nbsp;<\/p>\n\n\n\n<p>Charta Mobile Homes u cijenu ku\u0107ice ura\u010dunava i sigurnosno jamstvo za vlasnike ku\u0107ica,&nbsp;<\/p>\n\n\n\n<p>Njime garantiramo da \u0107e vlasnici imati parcelu za svoju ku\u0107icu, a u slu\u010daju nepredvi\u0111enih okolnosti navedenih ugovorom Charta \u0107e prona\u0107i prikladnu parcelu i premjestiti ku\u0107icu o vlastitom tro\u0161ku.<\/p>\n\n\n\n<p>Glavna stavka kad se odre\u0111uje cijena mobilne ku\u0107ice u kampu je naravno, sama ku\u0107ica. \u017delite li uvid u konkretne cijene, pogledajte na\u0161u <a href=\"https:\/\/charta-nekretnine.hr\/en\/prodaja-mobilne-kucice\/\" data-type=\"link\" data-id=\"https:\/\/charta-nekretnine.hr\/prodaja-mobilne-kucice\/\" target=\"_blank\" rel=\"noreferrer noopener\"><strong>ponudu mobilnih ku\u0107ica u kampovima<\/strong><\/a>.<\/p>\n\n\n\n<p>Pogledajmo \u0161to dobivate odabirom ku\u0107ice iz na\u0161e ponude.<\/p>\n\n\n<div class=\"wp-block-image is-style-default\">\n<figure class=\"aligncenter size-full\"><a href=\"https:\/\/charta-nekretnine.hr\/wp-content\/uploads\/2025\/10\/Mobilna-kucica-u-kampu.jpg\"><img fetchpriority=\"high\" decoding=\"async\" width=\"960\" height=\"540\" src=\"https:\/\/charta-nekretnine.hr\/wp-content\/uploads\/2025\/10\/Mobilna-kucica-u-kampu.jpg\" alt=\"Mobilne ku\u0107ice u kampu sa prekrasnim pogledom na more\" class=\"wp-image-9274\" srcset=\"https:\/\/charta-nekretnine.hr\/wp-content\/uploads\/2025\/10\/Mobilna-kucica-u-kampu.jpg 960w, https:\/\/charta-nekretnine.hr\/wp-content\/uploads\/2025\/10\/Mobilna-kucica-u-kampu-768x432.jpg 768w, https:\/\/charta-nekretnine.hr\/wp-content\/uploads\/2025\/10\/Mobilna-kucica-u-kampu-18x10.jpg 18w, https:\/\/charta-nekretnine.hr\/wp-content\/uploads\/2025\/10\/Mobilna-kucica-u-kampu-800x450.jpg 800w, https:\/\/charta-nekretnine.hr\/wp-content\/uploads\/2025\/10\/Mobilna-kucica-u-kampu-600x338.jpg 600w\" sizes=\"(max-width: 960px) 100vw, 960px\" \/><\/a><figcaption class=\"wp-element-caption\">mobilne ku\u0107ice u kampu iz Charta ponude sa prekrasnim pogledom na more<\/figcaption><\/figure><\/div>\n\n\n<div class=\"wp-block-rank-math-toc-block has-black-color has-text-color has-background has-link-color wp-elements-8c43222de7d622cdf388a9dbdc5ffbe1\" style=\"background:linear-gradient(183deg,rgb(228,191,111) 27%,rgba(212,188,116,0.98) 76%)\" id=\"rank-math-toc\"><p><strong>SADR\u017dAJ<\/strong><\/p><nav><ul><li class=\"\"><a href=\"#mobilna-kucica\">Mobilna ku\u0107ica kao temelj cijene<\/a><ul><li class=\"\"><a href=\"#opremljenost-i-cijena-mobilne-kucice-u-kampu\">Opremljenost i cijena mobilne ku\u0107ice u kampu<\/a><\/li><li class=\"\"><a href=\"#bijela-tehnika-i-ostala-oprema\">Bijela tehnika i dodatna oprema su detalji koji \u010dine razliku<\/a><\/li><li class=\"\"><a href=\"#mali-kucanski-uredaji\">Mali ku\u0107anski ure\u0111aji za udobnost svakodnevnog boravka<\/a><\/li><li class=\"\"><a href=\"#namjestaj\">Namje\u0161taj\u00a0<\/a><\/li><\/ul><\/li><li class=\"\"><a href=\"#prijevoz-i-postavljanje-mobilne-kucice-na-parcelu\">Prijevoz i postavljanje mobilne ku\u0107ice na parcelu<\/a><\/li><li class=\"\"><a href=\"#terasa-mobilne-kucice\">Terasa mobilne ku\u0107ice<\/a><\/li><li class=\"\"><a href=\"#atraktivna-lokacija-i-godisnji-pausal\">Atraktivna lokacija i godi\u0161nji pau\u0161al kao faktori ukupne cijene<\/a><ul><li class=\"\"><a href=\"#blizina-mora-i-cijena-mobilne-kucice-u-kampu\">Blizina mora i cijena mobilne ku\u0107ice u kampu &#8211; video prijevoza ku\u0107ice<\/a><\/li><\/ul><\/li><li class=\"\"><a href=\"#sigurnost-ostanka-mobilne-kucice-na-parceli\">Sigurnost i dugoro\u010dni ostanak mobilne ku\u0107ice na parceli<\/a><\/li><\/ul><\/nav><\/div>\n\n\n\n<h2 class=\"wp-block-heading\" id=\"mobilna-kucica\">Mobilna ku\u0107ica kao temelj cijene<\/h2>\n\n\n\n<p>Neki kampovi iz na\u0161e ponude nude mobilne ku\u0107ice dimenzija od 32m2 do 40 m2, no u ve\u0107ini kampova na parcele se postavljaju ku\u0107ice 8x3m sa jednako velikom terasom.<\/p>\n\n\n\n<p>Proizvodnja se odvija u halama partnera proizvo\u0111a\u010da po unaprijed utvr\u0111enim nacrtima. Mala odstupanja i odabir rasporeda prostorija su mogu\u0107a kod modela ve\u0107ih dimenzija.<\/p>\n\n\n\n<p>Mobilne ku\u0107ice od 24m2 imaju standardiziran raspored prostorija koji je u funkciji maksimalne iskoristivosti prostora.<\/p>\n\n\n\n<p>Kako smo razvili dobru partnersku suradnju sa proizvo\u0111a\u010dima mobilnih ku\u0107ica, poput Hosekre, na\u0161im klijentima mo\u017eemo ponuditi neke posebne, vizualno atraktivnije modele.<\/p>\n\n\n<div class=\"wp-block-image\">\n<figure class=\"aligncenter size-full\"><a href=\"https:\/\/charta-nekretnine.hr\/wp-content\/uploads\/2025\/10\/Novi-model-izrazajnije-boje.jpg\"><img decoding=\"async\" width=\"960\" height=\"540\" src=\"https:\/\/charta-nekretnine.hr\/wp-content\/uploads\/2025\/10\/Novi-model-izrazajnije-boje.jpg\" alt=\"Novi model mobilne ku\u0107ice\" class=\"wp-image-9275\" srcset=\"https:\/\/charta-nekretnine.hr\/wp-content\/uploads\/2025\/10\/Novi-model-izrazajnije-boje.jpg 960w, https:\/\/charta-nekretnine.hr\/wp-content\/uploads\/2025\/10\/Novi-model-izrazajnije-boje-768x432.jpg 768w, https:\/\/charta-nekretnine.hr\/wp-content\/uploads\/2025\/10\/Novi-model-izrazajnije-boje-18x10.jpg 18w, https:\/\/charta-nekretnine.hr\/wp-content\/uploads\/2025\/10\/Novi-model-izrazajnije-boje-800x450.jpg 800w, https:\/\/charta-nekretnine.hr\/wp-content\/uploads\/2025\/10\/Novi-model-izrazajnije-boje-600x338.jpg 600w\" sizes=\"(max-width: 960px) 100vw, 960px\" \/><\/a><figcaption class=\"wp-element-caption\">Charta Mobile Homes nastoji osvje\u017eavati ponudu modela mobilnih ku\u0107ica<\/figcaption><\/figure><\/div>\n\n\n<h3 class=\"wp-block-heading\" id=\"opremljenost-i-cijena-mobilne-kucice-u-kampu\"><strong>Opremljenost i cijena mobilne ku\u0107ice u kampu<\/strong><\/h3>\n\n\n\n<p>Mobilne ku\u0107ice na parcelu u kampu dolaze potpuno opremljene, po sistemu klju\u010d u ruke.&nbsp;<\/p>\n\n\n\n<p>Provedene elektroinstalacije prilago\u0111ene su optimalnoj raspodjeli potro\u0161nje, prihva\u0107aju\u0107i sve ve\u0107e potrebe za radom klima ure\u0111aja tijekom glavne sezone<\/p>\n\n\n\n<p>Bitna je stavka pri izradi ku\u0107ice toplinska izolacija koja u standardnoj izvedbi uklju\u010duje bo\u010dne i krovne unutarnje panele debljine 5 cm te podnu izvedbu debljine 12 cm.<\/p>\n\n\n<div class=\"wp-block-image\">\n<figure class=\"aligncenter size-full\"><a href=\"https:\/\/charta-nekretnine.hr\/wp-content\/uploads\/2025\/10\/Mobilna-kucica-u-snijegu.jpg\"><img decoding=\"async\" width=\"960\" height=\"540\" src=\"https:\/\/charta-nekretnine.hr\/wp-content\/uploads\/2025\/10\/Mobilna-kucica-u-snijegu.jpg\" alt=\"Mobilna ku\u0107ica na snijegu\" class=\"wp-image-9276\" srcset=\"https:\/\/charta-nekretnine.hr\/wp-content\/uploads\/2025\/10\/Mobilna-kucica-u-snijegu.jpg 960w, https:\/\/charta-nekretnine.hr\/wp-content\/uploads\/2025\/10\/Mobilna-kucica-u-snijegu-768x432.jpg 768w, https:\/\/charta-nekretnine.hr\/wp-content\/uploads\/2025\/10\/Mobilna-kucica-u-snijegu-18x10.jpg 18w, https:\/\/charta-nekretnine.hr\/wp-content\/uploads\/2025\/10\/Mobilna-kucica-u-snijegu-800x450.jpg 800w, https:\/\/charta-nekretnine.hr\/wp-content\/uploads\/2025\/10\/Mobilna-kucica-u-snijegu-600x338.jpg 600w\" sizes=\"(max-width: 960px) 100vw, 960px\" \/><\/a><figcaption class=\"wp-element-caption\">rijetki su dani kad mobilne ku\u0107ice prekrije snijeg<\/figcaption><\/figure><\/div>\n\n\n<p>Ovo su normativi koji \u0107e ve\u0107inu godine odr\u017eavati ugodnu temperaturu unutra\u0161njosti uz kori\u0161tenje klima ure\u0111aja.<\/p>\n\n\n\n<h3 class=\"wp-block-heading\" id=\"bijela-tehnika-i-ostala-oprema\"><strong>Bijela tehnika i dodatna oprema su detalji koji \u010dine razliku<\/strong><\/h3>\n\n\n\n<p>Navike gostiju koji dolaze na Jadran se mijenjaju. Dok i dalje u\u017eivaju u ugodnom, bezbri\u017enom odmoru turisti sve vi\u0161e naginju smanjenju ukupnih tro\u0161kova boravka.<\/p>\n\n\n\n<p>Mobilne ku\u0107ice idealan su odabir za sve koji \u017eele kombinirati degustiranje mediteranskih jela u lokalnim restoranima i pokoje pripremanje vlastitih obroka u opremljenoj kuhinji.<\/p>\n\n\n\n<p>Upravo zbog toga sa kuhinjom po\u010dinjemo obilazak tehnike i ure\u0111aja na raspolaganju svakome vlasniku i gostima mobilne ku\u0107ice.<\/p>\n\n\n<div class=\"wp-block-image\">\n<figure class=\"aligncenter size-full\"><a href=\"https:\/\/charta-nekretnine.hr\/wp-content\/uploads\/2025\/10\/Kuhinja-mobilne-kucice.jpg\"><img loading=\"lazy\" decoding=\"async\" width=\"960\" height=\"540\" src=\"https:\/\/charta-nekretnine.hr\/wp-content\/uploads\/2025\/10\/Kuhinja-mobilne-kucice.jpg\" alt=\"Kuhinja mobilne ku\u0107ice\" class=\"wp-image-9277\" srcset=\"https:\/\/charta-nekretnine.hr\/wp-content\/uploads\/2025\/10\/Kuhinja-mobilne-kucice.jpg 960w, https:\/\/charta-nekretnine.hr\/wp-content\/uploads\/2025\/10\/Kuhinja-mobilne-kucice-768x432.jpg 768w, https:\/\/charta-nekretnine.hr\/wp-content\/uploads\/2025\/10\/Kuhinja-mobilne-kucice-18x10.jpg 18w, https:\/\/charta-nekretnine.hr\/wp-content\/uploads\/2025\/10\/Kuhinja-mobilne-kucice-800x450.jpg 800w, https:\/\/charta-nekretnine.hr\/wp-content\/uploads\/2025\/10\/Kuhinja-mobilne-kucice-600x338.jpg 600w\" sizes=\"(max-width: 960px) 100vw, 960px\" \/><\/a><figcaption class=\"wp-element-caption\">cijena mobilne ku\u0107ice uklju\u010duje potpuno opremljenu kuhinju<\/figcaption><\/figure><\/div>\n\n\n<ul class=\"wp-block-list\">\n<li><strong>Indukcijska plo\u010da <\/strong>sa dva velika ringa osnova je pripreme jela u bilo koje doba dana. Modeli sa \u010detiri ringa namijenjeni su za mobilne ku\u0107ice ve\u0107ih dimenzija.<\/li>\n\n\n\n<li><strong>Veliki fri\u017eider sa ledenicom<\/strong> odstupanje je od standardne ponude koja je ina\u010de dostupna u ponudi. S obzirom na potrebe gostiju kojih mo\u017ee biti i do \u0161estero u mobilnoj ku\u0107ici, u Charta Mobile Homes smo odlu\u010dili zamijeniti postoje\u0107i model sa fri\u017eiderom ve\u0107e zapremine i prate\u0107om ledenicom.<\/li>\n\n\n\n<li>Jo\u0161 je jedna prednost Charta paketa opreme <strong>perilica za pranje posu\u0111a<\/strong>. Nikome se ne da tro\u0161iti vrijeme na mo\u010denje, struganje i pranje posu\u0111a kad mo\u017ee provoditi vrijeme&nbsp; u \u0161etnji, na terasi ili na pla\u017ei. Zbog toga standardna cijena mobilne ku\u0107ice u kampu uklju\u010duje i perilicu posu\u0111a.<\/li>\n<\/ul>\n\n\n\n<p>Dnevni boravak se nadovezuje na kuhinju i namijenjen je za izle\u017eavanje kad sunce vani dobrano zagrije.<\/p>\n\n\n<div class=\"wp-block-image\">\n<figure class=\"aligncenter size-full\"><a href=\"https:\/\/charta-nekretnine.hr\/wp-content\/uploads\/2025\/10\/Dnevni-boravak.jpg\"><img loading=\"lazy\" decoding=\"async\" width=\"960\" height=\"540\" src=\"https:\/\/charta-nekretnine.hr\/wp-content\/uploads\/2025\/10\/Dnevni-boravak.jpg\" alt=\"Cnevni boravak mobilne ku\u0107ice\" class=\"wp-image-9291\" srcset=\"https:\/\/charta-nekretnine.hr\/wp-content\/uploads\/2025\/10\/Dnevni-boravak.jpg 960w, https:\/\/charta-nekretnine.hr\/wp-content\/uploads\/2025\/10\/Dnevni-boravak-768x432.jpg 768w, https:\/\/charta-nekretnine.hr\/wp-content\/uploads\/2025\/10\/Dnevni-boravak-18x10.jpg 18w, https:\/\/charta-nekretnine.hr\/wp-content\/uploads\/2025\/10\/Dnevni-boravak-800x450.jpg 800w, https:\/\/charta-nekretnine.hr\/wp-content\/uploads\/2025\/10\/Dnevni-boravak-600x338.jpg 600w\" sizes=\"(max-width: 960px) 100vw, 960px\" \/><\/a><figcaption class=\"wp-element-caption\">odmor uz Tv i klimatiziranu unutra\u0161njost na krevetu na izvla\u010denje<\/figcaption><\/figure><\/div>\n\n\n<ul class=\"wp-block-list\">\n<li>Da boravak unutar mobilne ku\u0107ice bude ugodan cijena mobilne ku\u0107ice u kampu sadr\u017eava monta\u017eu i sam<strong> klima ure\u0111aj<\/strong>, zajedno sa monta\u017eom istoga. Tijekom ljetnih mjeseci kori\u0161tenje klime je neizbje\u017eno. Ona \u0107e rashladiti mobilnu ku\u0107icu tijekom dana, a no\u0107i u\u010diniti ugodnima za spavanje. Bonus je funkcija grijanja klima ure\u0111aja \u0161to \u0107e vam dati priliku ugostiti turiste u ono hladnije razdoblje godine.<\/li>\n\n\n\n<li>Kao netko tko je \u010desto boravio u mobilnim ku\u0107icama, autor ovog \u010dlanka znao je provesti dane bez da uop\u0107e primijeti TV. Sa toliko razli\u010ditih na\u010dina zabave na raspolaganju tijekom odmora, TV programi gube na svojoj privla\u010dnosti. No za one koji ne mogu zamisliti ve\u010der bez daljinskog upravlja\u010da u ruci, na raspolaganju je <strong>smart TV<\/strong> sa \u0161irokim izborom tv programa.<\/li>\n<\/ul>\n\n\n\n<p>Visoka razina prilagodbe potrebama gostiju vidljiva je na primjeru iskori\u0161tenosti prostora kupaonice.&nbsp;<\/p>\n\n\n\n<p>Na prvi pogled mala \u0107e kupaonica otkriti dovoljno prostora da se njome istovremeno kre\u0107e vi\u0161e osoba, a zatvorena i prostrana <strong>tu\u0161 kabina <\/strong>na samome kraju biti \u0107e dovoljna za nesmetano tu\u0161iranje.<\/p>\n\n\n\n<p>Da pove\u0107amo do\u017eivljaj gostiju, standardni paket opreme nadogradili smo <strong>proto\u010dnim bojlerom <\/strong>koji \u0107e za vas i va\u0161e goste uvijek imati dovoljno tople vode.&nbsp;<\/p>\n\n\n\n<h3 class=\"wp-block-heading\" id=\"mali-kucanski-uredaji\"><strong>Mali ku\u0107anski ure\u0111aji<\/strong> za udobnost svakodnevnog boravka<\/h3>\n\n\n\n<p>Uz napomenu da cijena mobilne ku\u0107ice ne odra\u017eava male ku\u0107anske ure\u0111aje bilo bi dobro navesti neke od kojih \u0107e va\u0161i gosti rado koristiti.<\/p>\n\n\n\n<p>Ure\u0111aji poput <strong>mikrovalne pe\u0107nice<\/strong> ili <strong>kuhala <\/strong>za vodu podrazumijevaju se kao uobi\u010dajeni dio ponude svake mobilne ku\u0107ice. Ne predstavljaju znatan tro\u0161ak kao po\u010detna investicija, a korisno ih je imati pri ruci.<\/p>\n\n\n\n<p>\u017delite li istaknuti da mislite na svoje goste, <strong>aparat za kavu <\/strong>\u0107e ih vratiti u zonu omiljenog jutarnjeg rituala.&nbsp;<\/p>\n\n\n<div class=\"wp-block-image\">\n<figure class=\"aligncenter size-full\"><a href=\"https:\/\/charta-nekretnine.hr\/wp-content\/uploads\/2025\/10\/Aparat-za-kavu.jpg\"><img loading=\"lazy\" decoding=\"async\" width=\"960\" height=\"540\" src=\"https:\/\/charta-nekretnine.hr\/wp-content\/uploads\/2025\/10\/Aparat-za-kavu.jpg\" alt=\"Mali ku\u0107anski ure\u0111aji u mobilnoj ku\u0107ici\" class=\"wp-image-9280\" srcset=\"https:\/\/charta-nekretnine.hr\/wp-content\/uploads\/2025\/10\/Aparat-za-kavu.jpg 960w, https:\/\/charta-nekretnine.hr\/wp-content\/uploads\/2025\/10\/Aparat-za-kavu-768x432.jpg 768w, https:\/\/charta-nekretnine.hr\/wp-content\/uploads\/2025\/10\/Aparat-za-kavu-18x10.jpg 18w, https:\/\/charta-nekretnine.hr\/wp-content\/uploads\/2025\/10\/Aparat-za-kavu-800x450.jpg 800w, https:\/\/charta-nekretnine.hr\/wp-content\/uploads\/2025\/10\/Aparat-za-kavu-600x338.jpg 600w\" sizes=\"(max-width: 960px) 100vw, 960px\" \/><\/a><figcaption class=\"wp-element-caption\">savjetujemo da investirate u one ure\u0111aje bez kojih ni sami ne bi htjeli provesti odmor uz more<\/figcaption><\/figure><\/div>\n\n\n<p>Za potpun osje\u0107aj ugode razmislite o nabavi <strong>aparata za kavu sa kapsulama<\/strong>. Time \u0107e vam se otvoriti prilika za dodatnu personalizaciju boravka u va\u0161oj ku\u0107ici. Stupite u kontakt sa gostima koji su rezervirali termin i upitajte ih koji set kapsula kave bi htjeli da ih do\u010deka u paketu dobrodo\u0161lice.<\/p>\n\n\n\n<p>Od manjih ure\u0111aja i opreme korisnih va\u0161im gostima bilo bi dobro pripremiti su\u0161ilo za kosu, stalak za su\u0161enje ve\u0161a, toster i metlu.<\/p>\n\n\n\n<p>Navedeni ure\u0111aji i oprema osnova su gostoprimstva koje mo\u017eete iskazati kao budu\u0107i vlasnici mobilne ku\u0107ice.&nbsp;<\/p>\n\n\n\n<p>Nakon \u0161to ste se uhodali sa upravljanjem i iznajmljivanjem ku\u0107ice, mo\u017eete napraviti dodatan iskorak i pro\u0161iriti ponudu ure\u0111ajima koji \u0107e vas izdvojiti od ostalih. Predla\u017eemo neke od njih:<\/p>\n\n\n\n<ul class=\"wp-block-list\">\n<li><strong>blender<\/strong> za goste koji u\u017eivaju u okusu vo\u0107nih napitaka, ljetnih smoothia ili pokojeg koktela<\/li>\n\n\n\n<li><strong>ku\u0107ni mini sef \/ trezor<\/strong> za dodatnu dozu sigurnosti dragocjenosti ili dokumenata va\u0161ih posjetitelja<\/li>\n\n\n\n<li>ljeto i <strong>ledomat <\/strong>idu zajedno. Brzinsko rje\u0161enje za rashla\u0111ivanje svakog pi\u0107a ili sredstvo nepodop\u0161tina? Neka to bude na va\u0161im gostima.&nbsp;<\/li>\n\n\n\n<li><strong>ambijentalna rasvjeta <\/strong>u obliku led trake pokrivene difuzorom sa opcijom prigu\u0161ivanja svjetlosti pretvorit \u0107e svaki prostor oku ugodnim&nbsp;<\/li>\n<\/ul>\n\n\n\n<p>Na vama je koliko daleko \u017eelite i\u0107i i \u0161to smatrate primjerenim pri odabiru opreme i ure\u0111aja koji \u0107e va\u0161e goste do\u010dekati i odu\u0161eviti.<\/p>\n\n\n\n<p>Na\u0161 savjet je da investirate u one ure\u0111aje bez kojih ni sami ne bi htjeli provesti odmor uz more. Ukupna cijena mobilne ku\u0107ice malo \u0107e porasti, no prednost koju \u0107ete ostvariti te tro\u0161kove \u0107e u\u010diniti neznatnima. <\/p>\n\n\n\n<h3 class=\"wp-block-heading\" id=\"namjestaj\"><strong>Namje\u0161taj&nbsp;<\/strong><\/h3>\n\n\n\n<p>Kao \u0161to smo naveli, mobilne ku\u0107ice na lokaciju dolaze u potpunosti namje\u0161tene i spremne za kori\u0161tenje.<\/p>\n\n\n\n<p>Ovdje \u0107emo navesti opremljenost namje\u0161tajem modela ku\u0107ice 8&#215;3 metara. Mobilne ku\u0107ice ve\u0107ih dimenzija zahvaljuju\u0107i ve\u0107im povr\u0161inama prostorija imat \u0107e \u0161iri raspon namje\u0161taja na raspolaganju.<\/p>\n\n\n\n<p>Spava\u0107e sobe opremljene su krevetima sa pripadaju\u0107im madracima te dekorativnim zidnim oblogama.<\/p>\n\n\n<div class=\"wp-block-image\">\n<figure class=\"aligncenter size-full\"><a href=\"https:\/\/charta-nekretnine.hr\/wp-content\/uploads\/2025\/10\/Spavaca-soba-mobilne-kucice.jpg\"><img loading=\"lazy\" decoding=\"async\" width=\"720\" height=\"540\" src=\"https:\/\/charta-nekretnine.hr\/wp-content\/uploads\/2025\/10\/Spavaca-soba-mobilne-kucice.jpg\" alt=\"Spava\u010da soba mobilne ku\u0107ice\" class=\"wp-image-9281\" srcset=\"https:\/\/charta-nekretnine.hr\/wp-content\/uploads\/2025\/10\/Spavaca-soba-mobilne-kucice.jpg 720w, https:\/\/charta-nekretnine.hr\/wp-content\/uploads\/2025\/10\/Spavaca-soba-mobilne-kucice-16x12.jpg 16w, https:\/\/charta-nekretnine.hr\/wp-content\/uploads\/2025\/10\/Spavaca-soba-mobilne-kucice-600x450.jpg 600w\" sizes=\"(max-width: 720px) 100vw, 720px\" \/><\/a><figcaption class=\"wp-element-caption\">Spava\u0107a soba je mala oaza koja pru\u017ea trenutke opu\u0161tanja<\/figcaption><\/figure><\/div>\n\n\n<p><strong>Glavna spava\u0107a soba <\/strong>ima krevet dimenzija 160&#215;200 cm sa no\u0107nim ormari\u0107em odmah do njega. Iznad kreveta nalazi se zidna polica koja pokriva punu \u0161irinu zida.<\/p>\n\n\n\n<p>Za odlaganje stvari, odje\u0107e i putne prtljage predvi\u0111en je ve\u0107i ormar sa policama u donjem dijelu ormara.<\/p>\n\n\n\n<p><strong>Druga spava\u0107a soba&nbsp;<\/strong><\/p>\n\n\n\n<p>Druga spava\u0107a soba manja je povr\u0161inom, a njome dominira krevet koji u potpunosti pokriva prostor izme\u0111u bo\u010dnih zidova. Dimenzija 140 x 200 cm idealan je za jednu osobu. a&nbsp;<\/p>\n\n\n\n<p>Po potrebi mogu\u0107e je dogovoriti postavljanje kreveta na kat dimenzija 90 x 200 cm sa za\u0161titnim pregradama \u0161to \u0107e dati poseban \u0161tih boravku mla\u0111ih \u010dlanova obitelji.<\/p>\n\n\n\n<p>Sa otvorenim ormari\u0107em iznad kreveta te velikim ormarom na ulazu u spava\u0107u sobu biti \u0107e dovoljno mjesta za odlaganje odje\u0107e i ostale putne prtljage.<\/p>\n\n\n\n<p><strong>Kuhinja i blagovaona<\/strong><\/p>\n\n\n\n<p>Uz spomenute ure\u0111aje i bijelu tehniku, kuhinja ima set kuhinjskih podnih ormari\u0107a u ravnini radne plohe te set ormari\u0107a postavljenih do plafona kuhinjske konstrukcije.<\/p>\n\n\n<div class=\"wp-block-image\">\n<figure class=\"aligncenter size-full\"><a href=\"https:\/\/charta-nekretnine.hr\/wp-content\/uploads\/2025\/10\/Kuhinja-mobilne-kucice-1.jpg\"><img loading=\"lazy\" decoding=\"async\" width=\"960\" height=\"540\" src=\"https:\/\/charta-nekretnine.hr\/wp-content\/uploads\/2025\/10\/Kuhinja-mobilne-kucice-1.jpg\" alt=\"Kuhinja mobilne ku\u0107ice\" class=\"wp-image-9282\" srcset=\"https:\/\/charta-nekretnine.hr\/wp-content\/uploads\/2025\/10\/Kuhinja-mobilne-kucice-1.jpg 960w, https:\/\/charta-nekretnine.hr\/wp-content\/uploads\/2025\/10\/Kuhinja-mobilne-kucice-1-768x432.jpg 768w, https:\/\/charta-nekretnine.hr\/wp-content\/uploads\/2025\/10\/Kuhinja-mobilne-kucice-1-18x10.jpg 18w, https:\/\/charta-nekretnine.hr\/wp-content\/uploads\/2025\/10\/Kuhinja-mobilne-kucice-1-800x450.jpg 800w, https:\/\/charta-nekretnine.hr\/wp-content\/uploads\/2025\/10\/Kuhinja-mobilne-kucice-1-600x338.jpg 600w\" sizes=\"(max-width: 960px) 100vw, 960px\" \/><\/a><figcaption class=\"wp-element-caption\">smart TV, klima ure\u0111aj, plo\u010da za kuhanje, fri\u017eider i perilica za pranje su\u0111a sastavni su dio ponude<\/figcaption><\/figure><\/div>\n\n\n<p>Za vi\u0161e komocije tijekom pripreme hrane poslu\u017eit \u0107e kuhinjski \u0161ank kao dodatna radna ploha, odnosno kao mjesto za brzi zalogaj prije odlaska na pla\u017eu.<\/p>\n\n\n\n<p>Za sve one koji tra\u017ee predah od ljetnih vru\u0107ina, u blagovani se nalazi dvosjed na rastezanje na kojemu mo\u017eete u\u017eivati dok se nalazite u rashla\u0111enom interijeru mobilne ku\u0107ice.<\/p>\n\n\n\n<p><strong>Kupaonica<\/strong><\/p>\n\n\n\n<p>Uz ve\u0107 spomenutu tu\u0161 kabinu dimenzija 90 x 90 cm, kupaonica je opremljena kupaonskim blokom sa umivaonikom, ogledalom na dekorativnim oblogama te wc \u0161koljkom.<\/p>\n\n\n\n<p>U prostoru izme\u0111u tu\u0161 kabine i bo\u010dnog zida kupaonice na\u0161lo se prostora za zidni ormari\u0107 gdje mo\u017eete staviti set ru\u010dnika ili pribor za higijenu i njegu tijela.<\/p>\n\n\n<div class=\"wp-block-image\">\n<figure class=\"aligncenter size-full\"><a href=\"https:\/\/charta-nekretnine.hr\/wp-content\/uploads\/2025\/10\/Kupaonica-mobilne-kucice.jpg\"><img loading=\"lazy\" decoding=\"async\" width=\"405\" height=\"540\" src=\"https:\/\/charta-nekretnine.hr\/wp-content\/uploads\/2025\/10\/Kupaonica-mobilne-kucice.jpg\" alt=\"Kupaonica mobilne ku\u0107ice\" class=\"wp-image-9283\" srcset=\"https:\/\/charta-nekretnine.hr\/wp-content\/uploads\/2025\/10\/Kupaonica-mobilne-kucice.jpg 405w, https:\/\/charta-nekretnine.hr\/wp-content\/uploads\/2025\/10\/Kupaonica-mobilne-kucice-9x12.jpg 9w\" sizes=\"(max-width: 405px) 100vw, 405px\" \/><\/a><figcaption class=\"wp-element-caption\">Moderna i efikasno ure\u0111ena kupaonica sadr\u017eana je u cijeni mobilne ku\u0107ice<\/figcaption><\/figure><\/div>\n\n\n<p>Odlu\u010dite li se za nadogradnju uz dodatnu opremu, cijena mobilne ku\u0107ice rasti \u0107e sukladno va\u0161im \u017eeljama.<\/p>\n\n\n\n<h2 class=\"wp-block-heading\" id=\"prijevoz-i-postavljanje-mobilne-kucice-na-parcelu\"><strong>Prijevoz i postavljanje mobilne ku\u0107ice na parcelu<\/strong><\/h2>\n\n\n\n<p>Cijena mobilne ku\u0107ice u kampu uklju\u010duje prijevoz organiziran u dvije faze.<\/p>\n\n\n<div class=\"wp-block-image\">\n<figure class=\"aligncenter size-full\"><a href=\"https:\/\/charta-nekretnine.hr\/wp-content\/uploads\/2025\/10\/Prijevoz-mobilnih-kucica-u-kamp.jpg\"><img loading=\"lazy\" decoding=\"async\" width=\"960\" height=\"540\" src=\"https:\/\/charta-nekretnine.hr\/wp-content\/uploads\/2025\/10\/Prijevoz-mobilnih-kucica-u-kamp.jpg\" alt=\"Prijevoz mobilnih ku\u0107ica u kamp\" class=\"wp-image-9284\" srcset=\"https:\/\/charta-nekretnine.hr\/wp-content\/uploads\/2025\/10\/Prijevoz-mobilnih-kucica-u-kamp.jpg 960w, https:\/\/charta-nekretnine.hr\/wp-content\/uploads\/2025\/10\/Prijevoz-mobilnih-kucica-u-kamp-768x432.jpg 768w, https:\/\/charta-nekretnine.hr\/wp-content\/uploads\/2025\/10\/Prijevoz-mobilnih-kucica-u-kamp-18x10.jpg 18w, https:\/\/charta-nekretnine.hr\/wp-content\/uploads\/2025\/10\/Prijevoz-mobilnih-kucica-u-kamp-800x450.jpg 800w, https:\/\/charta-nekretnine.hr\/wp-content\/uploads\/2025\/10\/Prijevoz-mobilnih-kucica-u-kamp-600x338.jpg 600w\" sizes=\"(max-width: 960px) 100vw, 960px\" \/><\/a><figcaption class=\"wp-element-caption\">Prijevoz mobilne ku\u0107ice \u010desto je put od vi\u0161e stotina kilometara<\/figcaption><\/figure><\/div>\n\n\n<p>Sam put od proizvodnog pogona proizvo\u0111a\u010da mobilne ku\u0107ice do mjesta u kojem se nalazi kamp tek je prvi dio organiziranog prijevoza. Ovaj dio zahtijeva dodatnu organizaciju za koju je potrebno anga\u017eirati izvanredni prijevoz. A po potrebi i posebnu pratnju.<\/p>\n\n\n\n<p>Za na\u0161e klijente nastojimo organizirati prijevoz vi\u0161e ku\u0107ica odjednom kako bi im smanjili kona\u010dne tro\u0161kove.&nbsp;<\/p>\n\n\n\n<p>Stoga je bitno da se planiranje kupovine i postavljanja ku\u0107ica odvija na vrijeme i planski.&nbsp;<\/p>\n\n\n\n<p>Uvijek savjetujemo da proces kupnje bude dovr\u0161en do sije\u010dnja kako bi vlasnici spremno do\u010dekali prvu ljetnu sezonu.<\/p>\n\n\n\n<p>\u010cekanje sa odlukom do kasnog prolje\u0107a mo\u017ee dovesti do izvanrednih situacija gdje je potrebno naru\u010diti prijevoz pojedine mobilne ku\u0107ice. Time se naravno pove\u0107avaju i sami tro\u0161kovi prijevoza.<\/p>\n\n\n\n<p>S obzirom da sura\u0111ujemo sa proizvo\u0111a\u010dem mobilnih ku\u0107ica iz Slovenije koji uspje\u0161no prati na\u0161e poslovanje, mo\u017eemo osigurati isporuku ku\u0107ica na vrijeme. \u0160to je va\u017eno nama, a vjerujemo i vama.<\/p>\n\n\n\n<p>Za drugu je fazu prijevoza mobilne ku\u0107ice potrebno napraviti premje\u0161taj ku\u0107ica na manja, specijalizirana teretna vozila koja mogu uspje\u0161no manevrirati do same parcele.<\/p>\n\n\n<div class=\"wp-block-image\">\n<figure class=\"aligncenter size-full\"><a href=\"https:\/\/charta-nekretnine.hr\/wp-content\/uploads\/2025\/10\/Prijevoz-i-manevriranje.jpg\"><img loading=\"lazy\" decoding=\"async\" width=\"960\" height=\"540\" src=\"https:\/\/charta-nekretnine.hr\/wp-content\/uploads\/2025\/10\/Prijevoz-i-manevriranje.jpg\" alt=\"Prijevoz i manevriranje mobilne ku\u0107ice\" class=\"wp-image-9285\" srcset=\"https:\/\/charta-nekretnine.hr\/wp-content\/uploads\/2025\/10\/Prijevoz-i-manevriranje.jpg 960w, https:\/\/charta-nekretnine.hr\/wp-content\/uploads\/2025\/10\/Prijevoz-i-manevriranje-768x432.jpg 768w, https:\/\/charta-nekretnine.hr\/wp-content\/uploads\/2025\/10\/Prijevoz-i-manevriranje-18x10.jpg 18w, https:\/\/charta-nekretnine.hr\/wp-content\/uploads\/2025\/10\/Prijevoz-i-manevriranje-800x450.jpg 800w, https:\/\/charta-nekretnine.hr\/wp-content\/uploads\/2025\/10\/Prijevoz-i-manevriranje-600x338.jpg 600w\" sizes=\"(max-width: 960px) 100vw, 960px\" \/><\/a><figcaption class=\"wp-element-caption\">Zahtjevno manevriranje i stru\u010dno osposobljeni voza\u010di spremni su na izazove prijevoza<\/figcaption><\/figure><\/div>\n\n\n<p>\u010cest je slu\u010daj da se do lokacije kampa i samih parcela mora voziti uskim ulicama i putevima. Ti putevi znaju voditi kroz neasfaltirane dionice, a ponekad se prijevoz odvija uz samu obalu.<\/p>\n\n\n\n<p>Priprema parcele i spajanje mobilne ku\u0107ice na infrastrukturu<\/p>\n\n\n\n<p>Mobilna ku\u0107ica ne mo\u017ee tek tako biti postavljena na zemlji\u0161te. Prije nego \u0161to bude dopremljena, parcela treba biti pripremljena i svi radovi trebaju biti dovr\u0161eni.<\/p>\n\n\n\n<p>Dodatno cijena mobilne odra\u017eava i radove pripreme te spajanja na infrastrukturu. Ovdje govorimo o priklju\u010denju na elektroenergetsku mre\u017eu, vodu i odvod.<\/p>\n\n\n<div class=\"wp-block-image\">\n<figure class=\"aligncenter size-full\"><a href=\"https:\/\/charta-nekretnine.hr\/wp-content\/uploads\/2025\/10\/Postavljanje-kucica-Charta.jpg\"><img loading=\"lazy\" decoding=\"async\" width=\"960\" height=\"540\" src=\"https:\/\/charta-nekretnine.hr\/wp-content\/uploads\/2025\/10\/Postavljanje-kucica-Charta.jpg\" alt=\"Priprema terena na parceli za mobilnu ku\u0107icu\" class=\"wp-image-9286\" srcset=\"https:\/\/charta-nekretnine.hr\/wp-content\/uploads\/2025\/10\/Postavljanje-kucica-Charta.jpg 960w, https:\/\/charta-nekretnine.hr\/wp-content\/uploads\/2025\/10\/Postavljanje-kucica-Charta-768x432.jpg 768w, https:\/\/charta-nekretnine.hr\/wp-content\/uploads\/2025\/10\/Postavljanje-kucica-Charta-18x10.jpg 18w, https:\/\/charta-nekretnine.hr\/wp-content\/uploads\/2025\/10\/Postavljanje-kucica-Charta-800x450.jpg 800w, https:\/\/charta-nekretnine.hr\/wp-content\/uploads\/2025\/10\/Postavljanje-kucica-Charta-600x338.jpg 600w\" sizes=\"(max-width: 960px) 100vw, 960px\" \/><\/a><figcaption class=\"wp-element-caption\">Cijena mobilne ku\u0107ice odre\u0111ena je tako\u0111er radom vi\u0161e timova, majstora svoje struke<\/figcaption><\/figure><\/div>\n\n\n<p>Svi pripremni radovi trebaju biti uskla\u0111eni i dovr\u0161eni do trenutka kada mobilne ku\u0107ice po\u010dnu stizati u kamp.<\/p>\n\n\n\n<p>A znate i sami koliko je izazovno organizirati radove i majstore na vrijeme.<\/p>\n\n\n\n<h2 class=\"wp-block-heading\" id=\"terasa-mobilne-kucice\"><strong>Terasa mobilne ku\u0107ice<\/strong><\/h2>\n\n\n\n<p>U cijenu mobilne ku\u0107ice u kampu uklju\u010dena je natkrivena terasa, njezina doprema na lokaciju mobilne ku\u0107ice i monta\u017ea. Ovisno o veli\u010dini parcele radit \u0107e se o terasi dimenzija 8&#215;3 ili 8&#215;4 metara.&nbsp;<\/p>\n\n\n\n<p>U svakoj \u0107ete objavi iz Charta Mobile Homes ponude&nbsp; vidjeti navedenu povr\u0161inu terase koja dolazi uz ku\u0107icu.<\/p>\n\n\n<div class=\"wp-block-image\">\n<figure class=\"aligncenter size-full\"><a href=\"https:\/\/charta-nekretnine.hr\/wp-content\/uploads\/2025\/10\/Terasa-Charta-2025.jpg\"><img loading=\"lazy\" decoding=\"async\" width=\"720\" height=\"540\" src=\"https:\/\/charta-nekretnine.hr\/wp-content\/uploads\/2025\/10\/Terasa-Charta-2025.jpg\" alt=\"Postavljanje terase za mobilnu ku\u0107icu\" class=\"wp-image-9287\" srcset=\"https:\/\/charta-nekretnine.hr\/wp-content\/uploads\/2025\/10\/Terasa-Charta-2025.jpg 720w, https:\/\/charta-nekretnine.hr\/wp-content\/uploads\/2025\/10\/Terasa-Charta-2025-16x12.jpg 16w, https:\/\/charta-nekretnine.hr\/wp-content\/uploads\/2025\/10\/Terasa-Charta-2025-600x450.jpg 600w\" sizes=\"(max-width: 720px) 100vw, 720px\" \/><\/a><figcaption class=\"wp-element-caption\">Doprema i monta\u0107a terase slijdi postavljanje ku\u0107ice na parcelu<\/figcaption><\/figure><\/div>\n\n\n<p>Sigurno vas zanima isplati li se ograditi terasu.<\/p>\n\n\n\n<p>Prema istra\u017eivanju koje smo proveli me\u0111u na\u0161im klijentima godinu nakon \u0161to su kupili mobilnu ku\u0107icu i po\u010deli sa iznajmljivanjem iste, ve\u0107ina ku\u0107ica sa ogra\u0111enom terasom dobila je pozitivnije recenzije gostiju.<\/p>\n\n\n\n<p>Iako to mo\u017eemo pripisati subjektivnom dojmu svakog gosta, isti\u010du se odgovori koji nagla\u0161avaju pove\u0107an osje\u0107aj privatnosti.<\/p>\n\n\n\n<p>Ukoliko namjeravate dopustiti ku\u0107ne ljubimce u svojoj ku\u0107ici, toplo preporu\u010dujemo da se odlu\u010dite na ogra\u0111ivanje terase.<\/p>\n\n\n\n<p>Tako \u0107ete biti sigurni da \u010detverono\u017eni pse\u0107i pratitelji ne odlutaju ili smetaju drugim gostima kampa. Njihovi vlasnici \u0107e tako\u0111er znati cijeniti dodatnu mjeru sigurnosti za svoje ljubimce.<\/p>\n\n\n<div class=\"wp-block-image\">\n<figure class=\"aligncenter size-full\"><a href=\"https:\/\/charta-nekretnine.hr\/wp-content\/uploads\/2025\/10\/Povjerenje-i-odanost-CMH.jpg\"><img loading=\"lazy\" decoding=\"async\" width=\"675\" height=\"540\" src=\"https:\/\/charta-nekretnine.hr\/wp-content\/uploads\/2025\/10\/Povjerenje-i-odanost-CMH.jpg\" alt=\"Pas \u010duvar mobilne ku\u0107ice\" class=\"wp-image-9288\" srcset=\"https:\/\/charta-nekretnine.hr\/wp-content\/uploads\/2025\/10\/Povjerenje-i-odanost-CMH.jpg 675w, https:\/\/charta-nekretnine.hr\/wp-content\/uploads\/2025\/10\/Povjerenje-i-odanost-CMH-15x12.jpg 15w, https:\/\/charta-nekretnine.hr\/wp-content\/uploads\/2025\/10\/Povjerenje-i-odanost-CMH-600x480.jpg 600w\" sizes=\"(max-width: 675px) 100vw, 675px\" \/><\/a><figcaption class=\"wp-element-caption\">Charta Mobile Homes pru\u017ea podr\u0161ku klijentima i nakon kupnje mobilne ku\u0107ice<\/figcaption><\/figure><\/div>\n\n\n<p>Ograda terase je dodatna opcija koju je potrebno na vrijeme dogovoriti. Planiranje unaprijed se uvijek isplati. Odlu\u010dite li stavljati ogradu naknadno, u\u010dinite to izvan sezone.<\/p>\n\n\n\n<h2 class=\"wp-block-heading\" id=\"atraktivna-lokacija-i-godisnji-pausal\"><strong>Atraktivna lokacija i godi\u0161nji pau\u0161al<\/strong> kao faktori ukupne cijene<\/h2>\n\n\n\n<p>Lokacija kampa i polo\u017eaj parcele u kampu mogu biti faktori koji posredno podi\u017eu cijenu same mobilne ku\u0107ice.<\/p>\n\n\n\n<p>Radi li se o atraktivnoj lokaciji kampa gdje se parcela nalazi u blizini mora i u\u017eiva jedinstven pogled na more, godi\u0161nji pau\u0161al mo\u017ee biti ve\u0107i u odnosu na lokaciju koja se nalazi 200-tinjak ili vi\u0161e metara od mora.<\/p>\n\n\n\n<p>Time \u0107e i ukupna cijena mobilne ku\u0107ice biti ve\u0107a ako gledamo dugoro\u010dne tro\u0161kove kroz cijeli ciklus ulaganja u kupnju i iznajmljivanje ku\u0107ice.<\/p>\n\n\n\n<p>Pau\u0161al je godi\u0161nji iznos naknade za zakup parcele koji se pla\u0107a vlasnicima kampa.<\/p>\n\n\n\n<p>Zavirite li u na\u0161 blog \u010dlanak <a href=\"https:\/\/charta-nekretnine.hr\/en\/2023\/04\/28\/pausal-za-mobilne-kucice-u-kampu\/\" data-type=\"link\" data-id=\"https:\/\/charta-nekretnine.hr\/2023\/04\/28\/pausal-za-mobilne-kucice-u-kampu\/\"><strong>Za\u0161to se pla\u0107a pau\u0161al za mobilne ku\u0107ice u kampovima<\/strong><\/a> saznat \u0107ete vi\u0161e o toj temi.<\/p>\n\n\n\n<h3 class=\"wp-block-heading\" id=\"blizina-mora-i-cijena-mobilne-kucice-u-kampu\">Blizina mora i cijena mobilne ku\u0107ice u kampu &#8211; video prijevoza ku\u0107ice<\/h3>\n\n\n\n<p>Atraktivne lokacije sa pogledom na more predstavljaju mamac za doma\u0107e i strane turiste koji u\u017eivaju u \u010darobnim trenucima dok se sunce presijava nad morem.<\/p>\n\n\n\n<p>U bilo koje dana!<\/p>\n\n\n\n<p>U prosincu 2024. godine opremali smo kamp na otoku Viru \u010dija je lokacija idealna za mobilne ku\u0107ice.<\/p>\n\n\n\n<p>Svakako preporu\u010dujemo da pogledate video kako bi dobili uvid u to \u0161to je sve potrebno da jedna ku\u0107ica na\u0111e svoje mjesto na parceli u kampu.<\/p>\n\n\n<div class=\"wp-block-image\">\n<figure class=\"aligncenter size-full\"><a href=\"https:\/\/youtu.be\/Ub5CCSEJ9Zc?si=3chTdx0uWQd8wwUv\" target=\"_blank\" rel=\"noopener\"><img loading=\"lazy\" decoding=\"async\" width=\"960\" height=\"540\" src=\"https:\/\/charta-nekretnine.hr\/wp-content\/uploads\/2025\/10\/Video-prijevoza-mobilne-kucice.jpg\" alt=\"Prijevoz mobilne ku\u0107ice na parcelu u kampu\" class=\"wp-image-9299\" srcset=\"https:\/\/charta-nekretnine.hr\/wp-content\/uploads\/2025\/10\/Video-prijevoza-mobilne-kucice.jpg 960w, https:\/\/charta-nekretnine.hr\/wp-content\/uploads\/2025\/10\/Video-prijevoza-mobilne-kucice-768x432.jpg 768w, https:\/\/charta-nekretnine.hr\/wp-content\/uploads\/2025\/10\/Video-prijevoza-mobilne-kucice-18x10.jpg 18w, https:\/\/charta-nekretnine.hr\/wp-content\/uploads\/2025\/10\/Video-prijevoza-mobilne-kucice-800x450.jpg 800w, https:\/\/charta-nekretnine.hr\/wp-content\/uploads\/2025\/10\/Video-prijevoza-mobilne-kucice-600x338.jpg 600w\" sizes=\"(max-width: 960px) 100vw, 960px\" \/><\/a><\/figure><\/div>\n\n\n<h2 class=\"wp-block-heading\" id=\"sigurnost-ostanka-mobilne-kucice-na-parceli\"><strong>Sigurnost i dugoro\u010dni ostanak mobilne ku\u0107ice na parceli<\/strong><\/h2>\n\n\n\n<p>Za vlasnike ku\u0107ica va\u017eno je da mogu ra\u010dunati na sigurno mjesto na parceli u kampu.<\/p>\n\n\n\n<p>Mi u Charta Mobile Homes shvatili smo to kao pitanje kojemu se treba prioritetno posvetiti.<\/p>\n\n\n\n<p>Zbog toga smo izna\u0161li rje\u0161enje da na\u0161i klijenti, kupci mobilnih ku\u0107ica, imaju stabilan i neprekinut prihod od iznajmljivanja svoje mobilne ku\u0107ice.<\/p>\n\n\n\n<p>Tijekom trajanja ugovora o zakupu parcele osigurali smo da va\u0161a mobilna ku\u0107ica ima stalno mjesto u kampu.<\/p>\n\n\n\n<p>Dogodi li se kakva nepredvi\u0111ena okolnost zbog koje je parcela u kampu postane nedostupna, pokrenut \u0107emo postupak premje\u0161tanja mobilne ku\u0107ice na jednu od na\u0161ih mnogobrojnih lokacija i kampova.<\/p>\n\n\n\n<p>Ve\u0107 smo u samim po\u010decima poslovanja sa mobilnim ku\u0107icama (jo\u0161 prije petnaestak godina) znali da na\u0161e djelovanje traje i nakon same prodaje mobilne ku\u0107ice.<\/p>\n\n\n<div class=\"wp-block-image\">\n<figure class=\"aligncenter size-full\"><a href=\"https:\/\/charta-nekretnine.hr\/wp-content\/uploads\/2025\/10\/Charta-uz-klijente.jpg\"><img loading=\"lazy\" decoding=\"async\" width=\"768\" height=\"540\" src=\"https:\/\/charta-nekretnine.hr\/wp-content\/uploads\/2025\/10\/Charta-uz-klijente.jpg\" alt=\"Predaja klju\u010deva za mobilnu ku\u0107icu\" class=\"wp-image-9289\" srcset=\"https:\/\/charta-nekretnine.hr\/wp-content\/uploads\/2025\/10\/Charta-uz-klijente.jpg 768w, https:\/\/charta-nekretnine.hr\/wp-content\/uploads\/2025\/10\/Charta-uz-klijente-18x12.jpg 18w, https:\/\/charta-nekretnine.hr\/wp-content\/uploads\/2025\/10\/Charta-uz-klijente-600x422.jpg 600w\" sizes=\"(max-width: 768px) 100vw, 768px\" \/><\/a><figcaption class=\"wp-element-caption\">Na\u0161 kolega Damir na predaji klju\u010deva mobilne ku\u0107ice<\/figcaption><\/figure><\/div>\n\n\n<p>Zbog toga smo svjesni i trudimo se biti uz vas u svakom koraku, od prvih konzultacija o ulaganju u mobilne ku\u0107ice i razgledavanju lokacija do procesa kupnje, iznajmljivanja i ostvarenja stabilnog prihoda od najma mobilne ku\u0107ice.<\/p>\n\n\n\n<p>Tra\u017eite li vi\u0161e informacija o ulaganju u mobilne ku\u0107ice i kako se pripremiti da kona\u010dna cijena mobilne ku\u0107ice ide u va\u0161u korist, za vas smo pripremili detaljan <a href=\"https:\/\/charta-nekretnine.hr\/en\/2024\/12\/09\/vodic-za-ulaganje-u-mobilne-kucice\/\" target=\"_blank\" data-type=\"link\" data-id=\"https:\/\/charta-nekretnine.hr\/2024\/12\/09\/vodic-za-ulaganje-u-mobilne-kucice\/\" rel=\"noreferrer noopener\"><strong>Vodi\u010d za razumno ulaganje u mobilne ku\u0107ice<\/strong><\/a>.<\/p>\n\n\n\n<p>\ud835\uddd6\ud835\uddf5\ud835\uddee\ud835\uddff\ud835\ude01\ud835\uddee \ud835\udde0\ud835\uddfc\ud835\uddef\ud835\uddf6\ud835\uddf9\ud835\uddf2 \ud835\udddb\ud835\uddfc\ud835\uddfa\ud835\uddf2\ud835\ude00 tim ima rje\u0161enje za svaku opciju &#8211; iskoristite na\u0161e iskustvo, dobru volju te partnersku mre\u017eu.<\/p>\n\n\n\n<p>Zanima li vas ku\u0107ica za vlastiti odmor ili \u017eelite ostvariti dodatan prihod od iznajmljivanja ku\u0107ica?<\/p>\n\n\n\n<p>Javite nam se, rado \u0107emo uz kavu ili \u0161etnju kroz neku od mnogobrojnih lokacija i kampova odgovoriti na va\u0161a pitanja.<\/p>","protected":false},"excerpt":{"rendered":"<p>U cijenu mobilne ku\u0107ice u kampu ulazi &#8230;<\/p>","protected":false},"author":17,"featured_media":9293,"comment_status":"closed","ping_status":"open","sticky":false,"template":"","format":"standard","meta":{"_acf_changed":false,"ocean_post_layout":"","ocean_both_sidebars_style":"","ocean_both_sidebars_content_width":0,"ocean_both_sidebars_sidebars_width":0,"ocean_sidebar":"","ocean_second_sidebar":"","ocean_disable_margins":"enable","ocean_add_body_class":"","ocean_shortcode_before_top_bar":"","ocean_shortcode_after_top_bar":"","ocean_shortcode_before_header":"","ocean_shortcode_after_header":"","ocean_has_shortcode":"","ocean_shortcode_after_title":"","ocean_shortcode_before_footer_widgets":"","ocean_shortcode_after_footer_widgets":"","ocean_shortcode_before_footer_bottom":"","ocean_shortcode_after_footer_bottom":"","ocean_display_top_bar":"default","ocean_display_header":"default","ocean_header_style":"","ocean_center_header_left_menu":"","ocean_custom_header_template":"","ocean_custom_logo":0,"ocean_custom_retina_logo":0,"ocean_custom_logo_max_width":0,"ocean_custom_logo_tablet_max_width":0,"ocean_custom_logo_mobile_max_width":0,"ocean_custom_logo_max_height":0,"ocean_custom_logo_tablet_max_height":0,"ocean_custom_logo_mobile_max_height":0,"ocean_header_custom_menu":"","ocean_menu_typo_font_family":"","ocean_menu_typo_font_subset":"","ocean_menu_typo_font_size":0,"ocean_menu_typo_font_size_tablet":0,"ocean_menu_typo_font_size_mobile":0,"ocean_menu_typo_font_size_unit":"px","ocean_menu_typo_font_weight":"","ocean_menu_typo_font_weight_tablet":"","ocean_menu_typo_font_weight_mobile":"","ocean_menu_typo_transform":"","ocean_menu_typo_transform_tablet":"","ocean_menu_typo_transform_mobile":"","ocean_menu_typo_line_height":0,"ocean_menu_typo_line_height_tablet":0,"ocean_menu_typo_line_height_mobile":0,"ocean_menu_typo_line_height_unit":"","ocean_menu_typo_spacing":0,"ocean_menu_typo_spacing_tablet":0,"ocean_menu_typo_spacing_mobile":0,"ocean_menu_typo_spacing_unit":"","ocean_menu_link_color":"","ocean_menu_link_color_hover":"","ocean_menu_link_color_active":"","ocean_menu_link_background":"","ocean_menu_link_hover_background":"","ocean_menu_link_active_background":"","ocean_menu_social_links_bg":"","ocean_menu_social_hover_links_bg":"","ocean_menu_social_links_color":"","ocean_menu_social_hover_links_color":"","ocean_disable_title":"default","ocean_disable_heading":"default","ocean_post_title":"","ocean_post_subheading":"","ocean_post_title_style":"","ocean_post_title_background_color":"","ocean_post_title_background":0,"ocean_post_title_bg_image_position":"","ocean_post_title_bg_image_attachment":"","ocean_post_title_bg_image_repeat":"","ocean_post_title_bg_image_size":"","ocean_post_title_height":0,"ocean_post_title_bg_overlay":0.5,"ocean_post_title_bg_overlay_color":"","ocean_disable_breadcrumbs":"default","ocean_breadcrumbs_color":"","ocean_breadcrumbs_separator_color":"","ocean_breadcrumbs_links_color":"","ocean_breadcrumbs_links_hover_color":"","ocean_display_footer_widgets":"default","ocean_display_footer_bottom":"default","ocean_custom_footer_template":"","_jetpack_memberships_contains_paid_content":false,"ocean_post_oembed":"","ocean_post_self_hosted_media":"","ocean_post_video_embed":"","ocean_link_format":"","ocean_link_format_target":"self","ocean_quote_format":"","ocean_quote_format_link":"post","ocean_gallery_link_images":"on","ocean_gallery_id":[],"footnotes":""},"categories":[289],"tags":[433,294,415],"class_list":["post-9270","post","type-post","status-publish","format-standard","has-post-thumbnail","hentry","category-kampovi-i-mobilne-kucice","tag-cijena-mobilne-kucice","tag-mobilne-kucice","tag-mobilne-kucice-u-kampu","entry","has-media","owp-thumbs-layout-horizontal","owp-btn-normal","owp-tabs-layout-horizontal","has-no-thumbnails","has-product-nav"],"acf":[],"jetpack_featured_media_url":"https:\/\/charta-nekretnine.hr\/wp-content\/uploads\/2025\/10\/Cijena-mobilne-kucice-u-kampu-1.jpg","jetpack_sharing_enabled":true,"_links":{"self":[{"href":"https:\/\/charta-nekretnine.hr\/en\/wp-json\/wp\/v2\/posts\/9270","targetHints":{"allow":["GET"]}}],"collection":[{"href":"https:\/\/charta-nekretnine.hr\/en\/wp-json\/wp\/v2\/posts"}],"about":[{"href":"https:\/\/charta-nekretnine.hr\/en\/wp-json\/wp\/v2\/types\/post"}],"author":[{"embeddable":true,"href":"https:\/\/charta-nekretnine.hr\/en\/wp-json\/wp\/v2\/users\/17"}],"replies":[{"embeddable":true,"href":"https:\/\/charta-nekretnine.hr\/en\/wp-json\/wp\/v2\/comments?post=9270"}],"version-history":[{"count":0,"href":"https:\/\/charta-nekretnine.hr\/en\/wp-json\/wp\/v2\/posts\/9270\/revisions"}],"wp:featuredmedia":[{"embeddable":true,"href":"https:\/\/charta-nekretnine.hr\/en\/wp-json\/wp\/v2\/media\/9293"}],"wp:attachment":[{"href":"https:\/\/charta-nekretnine.hr\/en\/wp-json\/wp\/v2\/media?parent=9270"}],"wp:term":[{"taxonomy":"category","embeddable":true,"href":"https:\/\/charta-nekretnine.hr\/en\/wp-json\/wp\/v2\/categories?post=9270"},{"taxonomy":"post_tag","embeddable":true,"href":"https:\/\/charta-nekretnine.hr\/en\/wp-json\/wp\/v2\/tags?post=9270"}],"curies":[{"name":"wp","href":"https:\/\/api.w.org\/{rel}","templated":true}]}}